{"id":192,"date":"2017-11-02T19:25:01","date_gmt":"2017-11-02T19:25:01","guid":{"rendered":"http:\/\/www.balefolcloricodabahia.com.br\/site\/?p=192"},"modified":"2017-11-23T17:47:28","modified_gmt":"2017-11-23T17:47:28","slug":"xaxado-fr","status":"publish","type":"post","link":"https:\/\/balefolcloricodabahia.com.br\/site\/fr\/xaxado-fr\/","title":{"rendered":"Xaxado"},"content":{"rendered":"<p>Chor\u00e9graphie: <strong>Am\u00e9lia Conrado<\/strong><br \/>\nMusique: <strong>Folklore du Nord-est<\/strong><\/p>\n<p>\u00c0 l\u2019\u00e9poque de la conqu\u00eate des terres de l\u2019int\u00e9rieur de la r\u00e9gion nord-est du Br\u00e9sil, vers le d\u00e9but et la moiti\u00e9 du si\u00e8cle dernier, les combats ont \u00e9t\u00e9 fr\u00e9quents entre les vieux Colonels, propri\u00e9taires des grands latifundia, et les posseiros, ceux qui essayaient d\u2019avoir un morceau de terre pour y vivre et le cultiver. Parmi les personnages de l\u2019\u00e9poque Lampi\u00e3o et Maria Bonita sont, sans doute, les plus c\u00e9l\u00e8bres. Il repr\u00e9sentaient la force de la justice en faveur des pauvres et contre la tyrannie des seigneurs oppresseurs de la Caatinga. M\u00eame dans un climat de guerre \u00e9ternel, les Cangaceiros vivaient des moments de grande joie, sp\u00e9cialement apr\u00e8s les grandes conqu\u00eates et les batailles victoirieuses. Dans ces f\u00eates, il y avait un grand banquet o\u00f9 ils dansaient jusqu\u2019au lendemain matin. On dansait tout: le bai\u00e3o, le xote, le forro et sp\u00e9cialement le Xaxado, dont l\u2019origine remonte au bruit que font les sandales en frottant le sol st\u00e9rile du sertao \u2013 SHA, SHA, SHA&#8230;. et les voil\u00e0 qui \u201cshashaient\u201dpendant toute la nuit!<\/p>\n<div data-carousel-extra='{\"blog_id\":1,\"permalink\":\"https:\\\/\\\/balefolcloricodabahia.com.br\\\/site\\\/fr\\\/xaxado-fr\\\/\",\"likes_blog_id\":false}' class=\"tiled-gallery type-rectangular tiled-gallery-unresized\" data-original-width=\"2600\"><div class=\"gallery-row\" style=\"width: 2595px; height: 862px;\"><div class=\"gallery-group images-1\" style=\"width: 826px; height: 866px;\"><div class=\"tiled-gallery-item tiled-gallery-item-large\"><a href=\"https:\/\/balefolcloricodabahia.com.br\/site\/en\/balefolclorico_xaxado4\/\"><img loading=\"lazy\" decoding=\"async\" data-attachment-id=\"371\" data-orig-file=\"https:\/\/balefolcloricodabahia.com.br\/site\/wp-content\/uploads\/2017\/11\/BaleFolclorico_Xaxado4.jpg\" data-orig-size=\"1207,1266\" data-comments-opened=\"0\" data-image-meta=\"{&quot;aperture&quot;:&quot;0&quot;,&quot;credit&quot;:&quot;&quot;,&quot;camera&quot;:&quot;&quot;,&quot;caption&quot;:&quot;&quot;,&quot;created_timestamp&quot;:&quot;0&quot;,&quot;copyright&quot;:&quot;&quot;,&quot;focal_length&quot;:&quot;0&quot;,&quot;iso&quot;:&quot;0&quot;,&quot;shutter_speed&quot;:&quot;0&quot;,&quot;title&quot;:&quot;&quot;,&quot;orientation&quot;:&quot;0&quot;,&quot;keywords&quot;:&quot;Array&quot;}\" data-image-title=\"BaleFolclorico_Xaxado4\" data-image-description=\"\" data-medium-file=\"https:\/\/balefolcloricodabahia.com.br\/site\/wp-content\/uploads\/2017\/11\/BaleFolclorico_Xaxado4-286x300.jpg\" data-large-file=\"https:\/\/balefolcloricodabahia.com.br\/site\/wp-content\/uploads\/2017\/11\/BaleFolclorico_Xaxado4-976x1024.jpg\" src=\"https:\/\/balefolcloricodabahia.com.br\/site\/wp-content\/uploads\/2017\/11\/BaleFolclorico_Xaxado4.jpg?w=822&#038;h=862\" width=\"822\" height=\"862\" align=\"left\" title=\"BaleFolclorico_Xaxado4\" \/><\/a><\/div><\/div><div class=\"gallery-group images-1\" style=\"width: 495px; height: 866px;\"><div class=\"tiled-gallery-item tiled-gallery-item-large\"><a href=\"https:\/\/balefolcloricodabahia.com.br\/site\/en\/balefolclorico_xaxado3\/\"><img loading=\"lazy\" decoding=\"async\" data-attachment-id=\"370\" data-orig-file=\"https:\/\/balefolcloricodabahia.com.br\/site\/wp-content\/uploads\/2017\/11\/BaleFolclorico_Xaxado3.jpg\" data-orig-size=\"967,1698\" data-comments-opened=\"0\" data-image-meta=\"{&quot;aperture&quot;:&quot;0&quot;,&quot;credit&quot;:&quot;&quot;,&quot;camera&quot;:&quot;&quot;,&quot;caption&quot;:&quot;&quot;,&quot;created_timestamp&quot;:&quot;0&quot;,&quot;copyright&quot;:&quot;&quot;,&quot;focal_length&quot;:&quot;0&quot;,&quot;iso&quot;:&quot;0&quot;,&quot;shutter_speed&quot;:&quot;0&quot;,&quot;title&quot;:&quot;&quot;,&quot;orientation&quot;:&quot;0&quot;,&quot;keywords&quot;:&quot;Array&quot;}\" data-image-title=\"\" data-image-description=\"\" data-medium-file=\"https:\/\/balefolcloricodabahia.com.br\/site\/wp-content\/uploads\/2017\/11\/BaleFolclorico_Xaxado3-171x300.jpg\" data-large-file=\"https:\/\/balefolcloricodabahia.com.br\/site\/wp-content\/uploads\/2017\/11\/BaleFolclorico_Xaxado3-583x1024.jpg\" src=\"https:\/\/balefolcloricodabahia.com.br\/site\/wp-content\/uploads\/2017\/11\/BaleFolclorico_Xaxado3.jpg?w=491&#038;h=862\" width=\"491\" height=\"862\" align=\"left\" title=\"\" \/><\/a><div class=\"tiled-gallery-caption\">Bal\u00e9 Folcl\u00f3rico da Bahia \/ Maracatu (by Marisa Viana)<\/div><\/div><\/div><div class=\"gallery-group images-1\" style=\"width: 1274px; height: 866px;\"><div class=\"tiled-gallery-item tiled-gallery-item-large\"><a href=\"https:\/\/balefolcloricodabahia.com.br\/site\/en\/balefolclorico_xaxado2\/\"><img loading=\"lazy\" decoding=\"async\" data-attachment-id=\"369\" data-orig-file=\"https:\/\/balefolcloricodabahia.com.br\/site\/wp-content\/uploads\/2017\/11\/BaleFolclorico_Xaxado2-e1698160725682.jpg\" data-orig-size=\"1920,1304\" data-comments-opened=\"0\" data-image-meta=\"{&quot;aperture&quot;:&quot;0&quot;,&quot;credit&quot;:&quot;&quot;,&quot;camera&quot;:&quot;&quot;,&quot;caption&quot;:&quot;&quot;,&quot;created_timestamp&quot;:&quot;0&quot;,&quot;copyright&quot;:&quot;&quot;,&quot;focal_length&quot;:&quot;0&quot;,&quot;iso&quot;:&quot;0&quot;,&quot;shutter_speed&quot;:&quot;0&quot;,&quot;title&quot;:&quot;&quot;,&quot;orientation&quot;:&quot;0&quot;,&quot;keywords&quot;:&quot;Array&quot;}\" data-image-title=\"\" data-image-description=\"\" data-medium-file=\"https:\/\/balefolcloricodabahia.com.br\/site\/wp-content\/uploads\/2017\/11\/BaleFolclorico_Xaxado2-300x204.jpg\" data-large-file=\"https:\/\/balefolcloricodabahia.com.br\/site\/wp-content\/uploads\/2017\/11\/BaleFolclorico_Xaxado2-1024x696.jpg\" src=\"https:\/\/balefolcloricodabahia.com.br\/site\/wp-content\/uploads\/2017\/11\/BaleFolclorico_Xaxado2-e1698160725682.jpg?w=1270&#038;h=862\" width=\"1270\" height=\"862\" align=\"left\" title=\"\" \/><\/a><div class=\"tiled-gallery-caption\">Bal\u00e9 Folcl\u00f3rico da Bahia \/ Maracatu (by Marisa Viana)<\/div><\/div><\/div><\/div><div class=\"gallery-row\" style=\"width: 2595px; height: 1552px;\"><div class=\"gallery-group images-1\" style=\"width: 2595px; height: 1556px;\"><div class=\"tiled-gallery-item tiled-gallery-item-large\"><a href=\"https:\/\/balefolcloricodabahia.com.br\/site\/en\/balefolclorico_xaxado1\/\"><img loading=\"lazy\" decoding=\"async\" data-attachment-id=\"368\" data-orig-file=\"https:\/\/balefolcloricodabahia.com.br\/site\/wp-content\/uploads\/2017\/11\/BaleFolclorico_Xaxado1-e1698160762959.jpg\" data-orig-size=\"1920,1150\" data-comments-opened=\"0\" data-image-meta=\"{&quot;aperture&quot;:&quot;0&quot;,&quot;credit&quot;:&quot;&quot;,&quot;camera&quot;:&quot;&quot;,&quot;caption&quot;:&quot;&quot;,&quot;created_timestamp&quot;:&quot;0&quot;,&quot;copyright&quot;:&quot;&quot;,&quot;focal_length&quot;:&quot;0&quot;,&quot;iso&quot;:&quot;0&quot;,&quot;shutter_speed&quot;:&quot;0&quot;,&quot;title&quot;:&quot;&quot;,&quot;orientation&quot;:&quot;0&quot;,&quot;keywords&quot;:&quot;Array&quot;}\" data-image-title=\"\" data-image-description=\"\" data-medium-file=\"https:\/\/balefolcloricodabahia.com.br\/site\/wp-content\/uploads\/2017\/11\/BaleFolclorico_Xaxado1-300x180.jpg\" data-large-file=\"https:\/\/balefolcloricodabahia.com.br\/site\/wp-content\/uploads\/2017\/11\/BaleFolclorico_Xaxado1-1024x613.jpg\" src=\"https:\/\/balefolcloricodabahia.com.br\/site\/wp-content\/uploads\/2017\/11\/BaleFolclorico_Xaxado1-e1698160762959.jpg?w=2591&#038;h=1552\" width=\"2591\" height=\"1552\" align=\"left\" title=\"\" \/><\/a><div class=\"tiled-gallery-caption\">Bal\u00e9 Folcl\u00f3rico da Bahia \/ Maracatu (by Marisa Viana)<\/div><\/div><\/div><\/div><\/div>\n","protected":false},"excerpt":{"rendered":"<p>Chor\u00e9graphie: Am\u00e9lia Conrado Musique: Folklore du Nord-est \u00c0 l\u2019\u00e9poque de la conqu\u00eate des terres de l\u2019int\u00e9rieur de la r\u00e9gion nord-est du Br\u00e9sil, vers le d\u00e9but et la moiti\u00e9 du si\u00e8cle dernier, les combats ont \u00e9t\u00e9 fr\u00e9quents entre les vieux Colonels, propri\u00e9taires des grands latifundia, et les posseiros, ceux qui essayaient d\u2019avoir un morceau de terre [&hellip;]<\/p>\n","protected":false},"author":1,"featured_media":368,"comment_status":"open","ping_status":"open","sticky":false,"template":"","format":"standard","meta":{"footnotes":""},"categories":[41],"tags":[],"class_list":["post-192","post","type-post","status-publish","format-standard","has-post-thumbnail","hentry","category-repertoire"],"_links":{"self":[{"href":"https:\/\/balefolcloricodabahia.com.br\/site\/wp-json\/wp\/v2\/posts\/192","targetHints":{"allow":["GET"]}}],"collection":[{"href":"https:\/\/balefolcloricodabahia.com.br\/site\/wp-json\/wp\/v2\/posts"}],"about":[{"href":"https:\/\/balefolcloricodabahia.com.br\/site\/wp-json\/wp\/v2\/types\/post"}],"author":[{"embeddable":true,"href":"https:\/\/balefolcloricodabahia.com.br\/site\/wp-json\/wp\/v2\/users\/1"}],"replies":[{"embeddable":true,"href":"https:\/\/balefolcloricodabahia.com.br\/site\/wp-json\/wp\/v2\/comments?post=192"}],"version-history":[{"count":2,"href":"https:\/\/balefolcloricodabahia.com.br\/site\/wp-json\/wp\/v2\/posts\/192\/revisions"}],"predecessor-version":[{"id":438,"href":"https:\/\/balefolcloricodabahia.com.br\/site\/wp-json\/wp\/v2\/posts\/192\/revisions\/438"}],"wp:featuredmedia":[{"embeddable":true,"href":"https:\/\/balefolcloricodabahia.com.br\/site\/wp-json\/wp\/v2\/media\/368"}],"wp:attachment":[{"href":"https:\/\/balefolcloricodabahia.com.br\/site\/wp-json\/wp\/v2\/media?parent=192"}],"wp:term":[{"taxonomy":"category","embeddable":true,"href":"https:\/\/balefolcloricodabahia.com.br\/site\/wp-json\/wp\/v2\/categories?post=192"},{"taxonomy":"post_tag","embeddable":true,"href":"https:\/\/balefolcloricodabahia.com.br\/site\/wp-json\/wp\/v2\/tags?post=192"}],"curies":[{"name":"wp","href":"https:\/\/api.w.org\/{rel}","templated":true}]}}